{"id":1969,"date":"2026-04-16T13:43:16","date_gmt":"2026-04-16T11:43:16","guid":{"rendered":"https:\/\/muziekpers-pressemusicale.be\/?p=1969"},"modified":"2026-04-26T13:45:00","modified_gmt":"2026-04-26T11:45:00","slug":"nouvelles-parutions-chez-barenreiter-une-charmante-decouverte-posthume-de-martinu-une-edition-de-reference-de-couperin-et-un-album-handel-surprenant","status":"publish","type":"post","link":"https:\/\/muziekpers-pressemusicale.be\/fr\/nouvelles-parutions-chez-barenreiter-une-charmante-decouverte-posthume-de-martinu-une-edition-de-reference-de-couperin-et-un-album-handel-surprenant\/","title":{"rendered":"Nouvelles parutions chez B\u00e4renreiter : une charmante d\u00e9couverte posthume de Martin\u016f, une \u00e9dition de r\u00e9f\u00e9rence de Couperin et un album H\u00e4ndel surprenant"},"content":{"rendered":"<p>Il est toujours \u00e9mouvant de se trouver face \u00e0 un in\u00e9dit d\u2019un compositeur de la stature de Martin\u016f, m\u00eame s\u2019il ne s\u2019agit pas d\u2019une \u0153uvre majeure. Comme elle l\u2019explique dans la pr\u00e9face \u00e0 cette parution, c\u2019est l\u2019\u00e9ditrice de cette partition, la musicologue tch\u00e8que Nat\u00e1lie Kr\u00e1tk\u00e1 qui a eu la chance de retrouver le manuscrit de cette br\u00e8ve Romance (43 mesures), compos\u00e9e \u00e0 Paris en 1930 et d\u00e9di\u00e9e au photographe et musicien fran\u00e7ais d\u2019origine juive ukrainienne Boris Lipnitzki, \u00e0 la Biblioth\u00e8que nationale&#8230;<\/p>\n\n\n\n<div class=\"wp-block-buttons has-custom-font-size has-medium-font-size is-content-justification-center is-layout-flex wp-container-core-buttons-is-layout-a89b3969 wp-block-buttons-is-layout-flex\">\n<div class=\"wp-block-button is-style-outline is-style-outline--1\"><a class=\"wp-block-button__link has-white-color has-text-color has-background has-text-align-center wp-element-button\" href=\"https:\/\/www.crescendo-magazine.be\/nouvelles-parutions-chez-barenreiter-une-charmante-decouverte-posthume-de-martinu-une-edition-de-reference-de-couperin-et-un-album-handel-surprenant\/\" style=\"border-radius:0px;background-color:#0f24b4;text-transform:uppercase\" target=\"_blank\" rel=\"noreferrer noopener\">Pour En Lire Plus<\/a><\/div>\n<\/div>","protected":false},"excerpt":{"rendered":"<p>Il est toujours \u00e9mouvant de se trouver face \u00e0 un in\u00e9dit d\u2019un compositeur de la stature de Martin\u016f, m\u00eame s\u2019il ne s\u2019agit pas d\u2019une \u0153uvre majeure. Comme elle l\u2019explique dans la pr\u00e9face \u00e0 cette parution, c\u2019est l\u2019\u00e9ditrice de cette partition, la musicologue tch\u00e8que Nat\u00e1lie Kr\u00e1tk\u00e1 qui a eu la chance de retrouver le manuscrit de [&hellip;]<\/p>","protected":false},"author":5,"featured_media":566,"comment_status":"open","ping_status":"closed","sticky":false,"template":"","format":"standard","meta":{"footnotes":""},"categories":[42],"tags":[],"class_list":["post-1969","post","type-post","status-publish","format-standard","has-post-thumbnail","hentry","category-news"],"_links":{"self":[{"href":"https:\/\/muziekpers-pressemusicale.be\/fr\/wp-json\/wp\/v2\/posts\/1969","targetHints":{"allow":["GET"]}}],"collection":[{"href":"https:\/\/muziekpers-pressemusicale.be\/fr\/wp-json\/wp\/v2\/posts"}],"about":[{"href":"https:\/\/muziekpers-pressemusicale.be\/fr\/wp-json\/wp\/v2\/types\/post"}],"author":[{"embeddable":true,"href":"https:\/\/muziekpers-pressemusicale.be\/fr\/wp-json\/wp\/v2\/users\/5"}],"replies":[{"embeddable":true,"href":"https:\/\/muziekpers-pressemusicale.be\/fr\/wp-json\/wp\/v2\/comments?post=1969"}],"version-history":[{"count":1,"href":"https:\/\/muziekpers-pressemusicale.be\/fr\/wp-json\/wp\/v2\/posts\/1969\/revisions"}],"predecessor-version":[{"id":1970,"href":"https:\/\/muziekpers-pressemusicale.be\/fr\/wp-json\/wp\/v2\/posts\/1969\/revisions\/1970"}],"wp:featuredmedia":[{"embeddable":true,"href":"https:\/\/muziekpers-pressemusicale.be\/fr\/wp-json\/wp\/v2\/media\/566"}],"wp:attachment":[{"href":"https:\/\/muziekpers-pressemusicale.be\/fr\/wp-json\/wp\/v2\/media?parent=1969"}],"wp:term":[{"taxonomy":"category","embeddable":true,"href":"https:\/\/muziekpers-pressemusicale.be\/fr\/wp-json\/wp\/v2\/categories?post=1969"},{"taxonomy":"post_tag","embeddable":true,"href":"https:\/\/muziekpers-pressemusicale.be\/fr\/wp-json\/wp\/v2\/tags?post=1969"}],"curies":[{"name":"wp","href":"https:\/\/api.w.org\/{rel}","templated":true}]}}