{"id":1967,"date":"2026-04-20T13:39:57","date_gmt":"2026-04-20T11:39:57","guid":{"rendered":"https:\/\/muziekpers-pressemusicale.be\/?p=1967"},"modified":"2026-04-26T13:41:07","modified_gmt":"2026-04-26T11:41:07","slug":"berlioz-et-mahler-subtils-a-bozar-par-le-bno-michael-schonwandt-et-veronique-gens","status":"publish","type":"post","link":"https:\/\/muziekpers-pressemusicale.be\/fr\/berlioz-et-mahler-subtils-a-bozar-par-le-bno-michael-schonwandt-et-veronique-gens\/","title":{"rendered":"Berlioz et Mahler subtils \u00e0 Bozar par le BNO, Michael Sch\u00f8nwandt et V\u00e9ronique Gens"},"content":{"rendered":"<p>Associer au m\u00eame programme Berlioz et Mahler, des compositeurs r\u00e9put\u00e9s \u2013 voire craints \u2013 pour leur sens de la d\u00e9mesure et du gigantisme orchestral, est loin d&#8217;\u00eatre une mauvaise id\u00e9e\u00a0: car ils sont tout autant capables d\u2019une d\u00e9licate po\u00e9sie, et remarquables dans le raffinement coloriste qu\u2019ils savent extraire de combinaisons instrumentales au sein m\u00eame d\u2019un orchestre colossal. Le concert de ce vendredi soir au\u00a0Palais des Beaux-Arts\u00a0va en fournir deux magnifiques exemples&#8230;<\/p>\n\n\n\n<div class=\"wp-block-buttons has-custom-font-size has-medium-font-size is-content-justification-center is-layout-flex wp-container-core-buttons-is-layout-a89b3969 wp-block-buttons-is-layout-flex\">\n<div class=\"wp-block-button is-style-outline is-style-outline--1\"><a class=\"wp-block-button__link has-white-color has-text-color has-background has-text-align-center wp-element-button\" href=\"https:\/\/bachtrack.com\/critique-berlioz-mahler-schonwandt-gens-belgian-national-orchestra-bozar-bruxelles-avril-2026\" style=\"border-radius:0px;background-color:#0f24b4;text-transform:uppercase\" target=\"_blank\" rel=\"noreferrer noopener\">Pour En Lire Plus<\/a><\/div>\n<\/div>\n\n\n\n<p><\/p>","protected":false},"excerpt":{"rendered":"<p>Associer au m\u00eame programme Berlioz et Mahler, des compositeurs r\u00e9put\u00e9s \u2013 voire craints \u2013 pour leur sens de la d\u00e9mesure et du gigantisme orchestral, est loin d&#8217;\u00eatre une mauvaise id\u00e9e\u00a0: car ils sont tout autant capables d\u2019une d\u00e9licate po\u00e9sie, et remarquables dans le raffinement coloriste qu\u2019ils savent extraire de combinaisons instrumentales au sein m\u00eame d\u2019un [&hellip;]<\/p>","protected":false},"author":5,"featured_media":636,"comment_status":"open","ping_status":"closed","sticky":false,"template":"","format":"standard","meta":{"footnotes":""},"categories":[6,43],"tags":[29,25],"class_list":["post-1967","post","type-post","status-publish","format-standard","has-post-thumbnail","hentry","category-concerts","category-reviews","tag-belgian-national-orchestra","tag-bozar"],"_links":{"self":[{"href":"https:\/\/muziekpers-pressemusicale.be\/fr\/wp-json\/wp\/v2\/posts\/1967","targetHints":{"allow":["GET"]}}],"collection":[{"href":"https:\/\/muziekpers-pressemusicale.be\/fr\/wp-json\/wp\/v2\/posts"}],"about":[{"href":"https:\/\/muziekpers-pressemusicale.be\/fr\/wp-json\/wp\/v2\/types\/post"}],"author":[{"embeddable":true,"href":"https:\/\/muziekpers-pressemusicale.be\/fr\/wp-json\/wp\/v2\/users\/5"}],"replies":[{"embeddable":true,"href":"https:\/\/muziekpers-pressemusicale.be\/fr\/wp-json\/wp\/v2\/comments?post=1967"}],"version-history":[{"count":1,"href":"https:\/\/muziekpers-pressemusicale.be\/fr\/wp-json\/wp\/v2\/posts\/1967\/revisions"}],"predecessor-version":[{"id":1968,"href":"https:\/\/muziekpers-pressemusicale.be\/fr\/wp-json\/wp\/v2\/posts\/1967\/revisions\/1968"}],"wp:featuredmedia":[{"embeddable":true,"href":"https:\/\/muziekpers-pressemusicale.be\/fr\/wp-json\/wp\/v2\/media\/636"}],"wp:attachment":[{"href":"https:\/\/muziekpers-pressemusicale.be\/fr\/wp-json\/wp\/v2\/media?parent=1967"}],"wp:term":[{"taxonomy":"category","embeddable":true,"href":"https:\/\/muziekpers-pressemusicale.be\/fr\/wp-json\/wp\/v2\/categories?post=1967"},{"taxonomy":"post_tag","embeddable":true,"href":"https:\/\/muziekpers-pressemusicale.be\/fr\/wp-json\/wp\/v2\/tags?post=1967"}],"curies":[{"name":"wp","href":"https:\/\/api.w.org\/{rel}","templated":true}]}}